{"id":1546,"date":"2013-07-09T06:51:17","date_gmt":"2013-07-09T04:51:17","guid":{"rendered":"https:\/\/amblavalletta.esteri.it\/news\/dall_ambasciata\/2013\/07\/audacia\/"},"modified":"2013-07-09T06:51:17","modified_gmt":"2013-07-09T04:51:17","slug":"audacia","status":"publish","type":"post","link":"https:\/\/amblavalletta.esteri.it\/it\/news\/dall_ambasciata\/2013\/07\/audacia\/","title":{"rendered":"INAUGURAZIONE NUOVA LINEA ITALIA-MALTA DELLA COMPAGNIA DI NAVIGAZIONE GRIMALDI HOLDING &#8211; MALTA 5 LUGLIO 2013"},"content":{"rendered":"<p><P>A bordo della motonave \u201cAudacia\u201d, l\u2019Ambasciatore Giovanni Umberto De Vito ha partecipato \u2013 assieme ai Ministri maltesi del Turismo (Karmenu Vella), dell\u2019Economia (Chris Cardona) e al Direttore Finanziario della Grimaldi Holding (Giulio Verri) \u2013 alla cerimonia di inaugurazione della nuova linea Italia-Malta gestita dalla societ\u00e0 Grimaldi Holding. <BR><BR>L\u2019 \u201cAudacia\u201d &#8211; che dispone di 67 cabine, 211 poltrone, 30 posti camper e un centinaio di posti auto \u2013 percorrer\u00e1 la tratta Salerno-Augusta-Malta tre volte la settimana garantendo un collegamento sia per il trasporto di passeggeri che di merci tra il capolouogo campano, la Sicilia e Malta.<BR><BR>Il servizio, che amplia l\u2019offerta di collegamenti marittimi e aerei tra Italia e Malta, prevede partenze da Augusta luned\u00ed, mercoled\u00ed e venerdi alle 9.00 (con arrivo a Malta dopo circa cinque ore di navigazione) e partenze da Malta luned\u00ed e mercoledi alle 16.30 e sabato alle 12.00.<BR><BR><IMG style=\"WIDTH: 736px; HEIGHT: 516px\" height=\"2571\" alt=\"Photo DOI - Omar Camilleri\" src=\"\/resource\/2013\/07\/68782_f_amb61OMR_4001b.jpg\" width=\"3772\" border=\"0\"><BR><BR><BR><IMG style=\"WIDTH: 683px; HEIGHT: 476px\" height=\"877\" alt=\"Ambasciatore Giovanni Umberto De Vito\" src=\"\/resource\/2013\/07\/68783_f_amb6120130705193808.jpg\" width=\"1276\" border=\"0\"><BR><BR><BR><IMG style=\"WIDTH: 757px; HEIGHT: 635px\" height=\"1106\" alt=\"Photo DOI - Omar Camilleri\" src=\"\/resource\/2013\/07\/68785_f_amb61pr1450a.jpg\" width=\"1475\" border=\"0\"><\/P><\/p>\n","protected":false},"excerpt":{"rendered":"A bordo della motonave \u201cAudacia\u201d, l\u2019Ambasciatore Giovanni Umberto De Vito ha partecipato \u2013 assieme ai Ministri maltesi del Turismo (Karmenu Vella), dell\u2019Economia (Chris Cardona) e al Direttore Finanziario della Grimaldi Holding (Giulio Verri) \u2013 alla cerimonia di inaugurazione della nuova linea Italia-Malta gestita dalla societ\u00e0 Grimaldi Holding. L\u2019 \u201cAudacia\u201d &#8211; che dispone di 67 cabine, [&hellip;]","protected":false},"author":1,"featured_media":0,"comment_status":"","ping_status":"","sticky":false,"template":"","format":"standard","meta":{"footnotes":""},"tags":[],"class_list":["post-1546","post","type-post","status-publish","format-standard","hentry"],"_links":{"self":[{"href":"https:\/\/amblavalletta.esteri.it\/it\/wp-json\/wp\/v2\/posts\/1546","targetHints":{"allow":["GET"]}}],"collection":[{"href":"https:\/\/amblavalletta.esteri.it\/it\/wp-json\/wp\/v2\/posts"}],"about":[{"href":"https:\/\/amblavalletta.esteri.it\/it\/wp-json\/wp\/v2\/types\/post"}],"author":[{"embeddable":true,"href":"https:\/\/amblavalletta.esteri.it\/it\/wp-json\/wp\/v2\/users\/1"}],"replies":[{"embeddable":true,"href":"https:\/\/amblavalletta.esteri.it\/it\/wp-json\/wp\/v2\/comments?post=1546"}],"version-history":[{"count":0,"href":"https:\/\/amblavalletta.esteri.it\/it\/wp-json\/wp\/v2\/posts\/1546\/revisions"}],"wp:attachment":[{"href":"https:\/\/amblavalletta.esteri.it\/it\/wp-json\/wp\/v2\/media?parent=1546"}],"wp:term":[{"taxonomy":"post_tag","embeddable":true,"href":"https:\/\/amblavalletta.esteri.it\/it\/wp-json\/wp\/v2\/tags?post=1546"}],"curies":[{"name":"wp","href":"https:\/\/api.w.org\/{rel}","templated":true}]}}