{"id":1539,"date":"2013-07-18T07:34:47","date_gmt":"2013-07-18T05:34:47","guid":{"rendered":"https:\/\/amblavalletta.esteri.it\/news\/dall_ambasciata\/2013\/07\/vanrompuy\/"},"modified":"2013-07-18T07:34:47","modified_gmt":"2013-07-18T05:34:47","slug":"vanrompuy","status":"publish","type":"post","link":"https:\/\/amblavalletta.esteri.it\/it\/news\/dall_ambasciata\/2013\/07\/vanrompuy\/","title":{"rendered":"VSITA A MALTA DEL\u00a0PRESIDENTE DEL CONSIGLIO EUROPEO HERMAN VAN ROMPUY\u00a0(MALTA, 11 LUGLIO 2013)"},"content":{"rendered":"<p>L\u201911 luglio il Presidente del Consiglio Europeo Herman Van Rompuy ha incontrato il Primo Ministro maltese Joseph Muscat. Nel corso dei colloqui sono stati affrontati i temi della crescita economica, dell\u2019immigrazione, dell\u2019Unione economica e monetaria e del completamento del mercato energetico interno. A quest\u2019ultimo riguardo, merita rilevare quanto dichiarato dal Presidente Van Rompuy: \u201cDobbiamo assicurarci che entro il 2015 nessun Paese rimanga senza una connessione alle reti comuni di gas ed elettricit\u00e0. Malta trarr\u00e0 dei benefici da queste decisioni. Come del resto Malta gi\u00e0 ne trae dall\u2019interconnettore con la Sicilia\u201d. <BR><\/p>\n","protected":false},"excerpt":{"rendered":"L\u201911 luglio il Presidente del Consiglio Europeo Herman Van Rompuy ha incontrato il Primo Ministro maltese Joseph Muscat. Nel corso dei colloqui sono stati affrontati i temi della crescita economica, dell\u2019immigrazione, dell\u2019Unione economica e monetaria e del completamento del mercato energetico interno. A quest\u2019ultimo riguardo, merita rilevare quanto dichiarato dal Presidente Van Rompuy: \u201cDobbiamo assicurarci [&hellip;]","protected":false},"author":1,"featured_media":0,"comment_status":"","ping_status":"","sticky":false,"template":"","format":"standard","meta":{"footnotes":""},"tags":[],"class_list":["post-1539","post","type-post","status-publish","format-standard","hentry"],"_links":{"self":[{"href":"https:\/\/amblavalletta.esteri.it\/it\/wp-json\/wp\/v2\/posts\/1539","targetHints":{"allow":["GET"]}}],"collection":[{"href":"https:\/\/amblavalletta.esteri.it\/it\/wp-json\/wp\/v2\/posts"}],"about":[{"href":"https:\/\/amblavalletta.esteri.it\/it\/wp-json\/wp\/v2\/types\/post"}],"author":[{"embeddable":true,"href":"https:\/\/amblavalletta.esteri.it\/it\/wp-json\/wp\/v2\/users\/1"}],"replies":[{"embeddable":true,"href":"https:\/\/amblavalletta.esteri.it\/it\/wp-json\/wp\/v2\/comments?post=1539"}],"version-history":[{"count":0,"href":"https:\/\/amblavalletta.esteri.it\/it\/wp-json\/wp\/v2\/posts\/1539\/revisions"}],"wp:attachment":[{"href":"https:\/\/amblavalletta.esteri.it\/it\/wp-json\/wp\/v2\/media?parent=1539"}],"wp:term":[{"taxonomy":"post_tag","embeddable":true,"href":"https:\/\/amblavalletta.esteri.it\/it\/wp-json\/wp\/v2\/tags?post=1539"}],"curies":[{"name":"wp","href":"https:\/\/api.w.org\/{rel}","templated":true}]}}