{"id":1469,"date":"2014-02-24T16:28:27","date_gmt":"2014-02-24T14:28:27","guid":{"rendered":"https:\/\/amblavalletta.esteri.it\/news\/dall_ambasciata\/2014\/02\/obesita\/"},"modified":"2014-02-24T16:28:27","modified_gmt":"2014-02-24T14:28:27","slug":"obesita","status":"publish","type":"post","link":"https:\/\/amblavalletta.esteri.it\/it\/news\/dall_ambasciata\/2014\/02\/obesita\/","title":{"rendered":"INAUGURAZIONE DEL CENTRO PER LA CURA DEI DISORDINI ALIMENTARI REALIZZATO IN COLLABORAZIONE CON LA REGIONE UMBRIA"},"content":{"rendered":"<p><P>Il 21 febbraio scorso il Presidente della Repubblica maltese S. E. George Abela, alla presenza del Primo Ministro Muscat, del Ministro della Sanit\u00e0 Godfrey Farrugia e dell\u2019Ambasciatore d\u2019Italia Giovanni Umberto De Vito, ha inaugurato il centro per la cura dei disordini alimentari realizzato in collaborazione con la Regione Umbria e l\u2019Azienda Sanitaria di Perugia.\u00a0<BR><BR>Il centro, che potr\u00e0 accogliere le persone affette da anoressia, bulimia ed obesit\u00e0, \u00e8 la prima struttura specializzata per il trattamento di queste patologie a Malta. La cura dei pazienti sar\u00e0 assicurata da una squadra di medici ed esperti che, grazie ad un accordo tra il Ministero della Sanit\u00e0 maltese e la Regione Umbria, hanno seguito un programma di formazione di alto livello in Italia. La collaborazione con l\u2019Umbria continuer\u00e0 per i prossimi due anni attraverso visite e un aggiornamento periodico prestato da specialisti provenienti da Todi e Citt\u00e0 di Castello.\u00a0<BR><BR>Una delegazione guidata dalla Vice-Presidente della Giunta della Regione Umbria Carla Casciari e comprendente anche il Presidente dell\u2019Istituto Superiore di Sanit\u00e0 Fabrizio Oleari si \u00e8 recata a Malta per l\u2019occasione. L\u2019inaugurazione del centro rappresenta un ulteriore tassello dell\u2019ampia e promettente collaborazione bilaterale Italia-Malta in campo medico-sanitario. <BR><BR><BR><IMG alt=\"Saluto in Residenza\" src=\"\/resource\/2014\/02\/74479_f_amb61Immagine1.JPG\" border=\"0\"><BR><BR><BR><IMG alt=\"Saluto in Residenza\" src=\"\/resource\/2014\/02\/74480_f_amb61Immagine2.JPG\" border=\"0\"><BR><BR><BR><IMG alt=\"Saluto in Residenza\" src=\"\/resource\/2014\/02\/74481_f_amb61Immagine3.JPG\" border=\"0\"><\/P><P>\u00a0<\/P><\/p>\n","protected":false},"excerpt":{"rendered":"Il 21 febbraio scorso il Presidente della Repubblica maltese S. E. George Abela, alla presenza del Primo Ministro Muscat, del Ministro della Sanit\u00e0 Godfrey Farrugia e dell\u2019Ambasciatore d\u2019Italia Giovanni Umberto De Vito, ha inaugurato il centro per la cura dei disordini alimentari realizzato in collaborazione con la Regione Umbria e l\u2019Azienda Sanitaria di Perugia.\u00a0Il centro, [&hellip;]","protected":false},"author":1,"featured_media":0,"comment_status":"","ping_status":"","sticky":false,"template":"","format":"standard","meta":{"footnotes":""},"tags":[],"class_list":["post-1469","post","type-post","status-publish","format-standard","hentry"],"_links":{"self":[{"href":"https:\/\/amblavalletta.esteri.it\/it\/wp-json\/wp\/v2\/posts\/1469","targetHints":{"allow":["GET"]}}],"collection":[{"href":"https:\/\/amblavalletta.esteri.it\/it\/wp-json\/wp\/v2\/posts"}],"about":[{"href":"https:\/\/amblavalletta.esteri.it\/it\/wp-json\/wp\/v2\/types\/post"}],"author":[{"embeddable":true,"href":"https:\/\/amblavalletta.esteri.it\/it\/wp-json\/wp\/v2\/users\/1"}],"replies":[{"embeddable":true,"href":"https:\/\/amblavalletta.esteri.it\/it\/wp-json\/wp\/v2\/comments?post=1469"}],"version-history":[{"count":0,"href":"https:\/\/amblavalletta.esteri.it\/it\/wp-json\/wp\/v2\/posts\/1469\/revisions"}],"wp:attachment":[{"href":"https:\/\/amblavalletta.esteri.it\/it\/wp-json\/wp\/v2\/media?parent=1469"}],"wp:term":[{"taxonomy":"post_tag","embeddable":true,"href":"https:\/\/amblavalletta.esteri.it\/it\/wp-json\/wp\/v2\/tags?post=1469"}],"curies":[{"name":"wp","href":"https:\/\/api.w.org\/{rel}","templated":true}]}}